{"id":1023,"date":"2011-12-23T11:50:04","date_gmt":"2011-12-23T09:50:04","guid":{"rendered":"http:\/\/arbarcelona.es\/?p=1023"},"modified":"2011-12-23T11:50:04","modified_gmt":"2011-12-23T09:50:04","slug":"festival-de-la-infancia-maxima-diversion-en-familia","status":"publish","type":"post","link":"https:\/\/arbarcelona.es\/?p=1023&amp;lang=es","title":{"rendered":"FESTIVAL DE LA INFANCIA: M\u00e1xima diversi\u00f3n en familia."},"content":{"rendered":"<p><a href=\"http:\/\/arbarcelona.es\/wp-content\/uploads\/salon-infancia-barcelona.jpg\"><img loading=\"lazy\" class=\"aligncenter size-full wp-image-1024\" title=\"salon-infancia-barcelona\" src=\"http:\/\/arbarcelona.es\/wp-content\/uploads\/salon-infancia-barcelona.jpg\" alt=\"\" width=\"515\" height=\"314\" srcset=\"https:\/\/arbarcelona.es\/wp-content\/uploads\/salon-infancia-barcelona.jpg 515w, https:\/\/arbarcelona.es\/wp-content\/uploads\/salon-infancia-barcelona-300x182.jpg 300w\" sizes=\"(max-width: 515px) 100vw, 515px\" \/><\/a><\/p>\n<p>Prep\u00e1rate para vivir una experiencia alucinante. Del 27 de diciembre al 4 de enero de 2012 disfruta de una nueva edici\u00f3n del Festival de la Infancia que vuelve lleno de actividades deportivas, talleres educativos, iniciativas solidarias y propuestas l\u00fadicas para toda la familia. El evento navide\u00f1o para los m\u00e1s peque\u00f1os tendr\u00e1 lugar, como cada a\u00f1o, en la <strong>Fira de Barcelona<\/strong> al pie de la monta\u00f1a de Montju\u00efc. Con talleres y actividades de todo tipo: deportes, dibujo, autos de choque, camas el\u00e1sticas&#8230;\u00a0 El sal\u00f3n de la infancia, \u00a1m\u00e1s divertido que nunca!<\/p>\n","protected":false},"excerpt":{"rendered":"<p>Prep\u00e1rate para vivir una experiencia alucinante. Del 27 de diciembre al 4 de enero de 2012 disfruta de una nueva edici\u00f3n del Festival de la Infancia que vuelve lleno de actividades deportivas, talleres educativos, iniciativas solidarias y propuestas l\u00fadicas para toda la familia. El evento navide\u00f1o para los m\u00e1s peque\u00f1os tendr\u00e1 lugar, como cada a\u00f1o, [&hellip;]<\/p>\n","protected":false},"author":2,"featured_media":0,"comment_status":"open","ping_status":"closed","sticky":false,"template":"","format":"standard","meta":{"_monsterinsights_skip_tracking":false,"_monsterinsights_sitenote_active":false,"_monsterinsights_sitenote_note":"","_monsterinsights_sitenote_category":0},"categories":[1],"tags":[],"_links":{"self":[{"href":"https:\/\/arbarcelona.es\/index.php?rest_route=\/wp\/v2\/posts\/1023"}],"collection":[{"href":"https:\/\/arbarcelona.es\/index.php?rest_route=\/wp\/v2\/posts"}],"about":[{"href":"https:\/\/arbarcelona.es\/index.php?rest_route=\/wp\/v2\/types\/post"}],"author":[{"embeddable":true,"href":"https:\/\/arbarcelona.es\/index.php?rest_route=\/wp\/v2\/users\/2"}],"replies":[{"embeddable":true,"href":"https:\/\/arbarcelona.es\/index.php?rest_route=%2Fwp%2Fv2%2Fcomments&post=1023"}],"version-history":[{"count":3,"href":"https:\/\/arbarcelona.es\/index.php?rest_route=\/wp\/v2\/posts\/1023\/revisions"}],"predecessor-version":[{"id":1040,"href":"https:\/\/arbarcelona.es\/index.php?rest_route=\/wp\/v2\/posts\/1023\/revisions\/1040"}],"wp:attachment":[{"href":"https:\/\/arbarcelona.es\/index.php?rest_route=%2Fwp%2Fv2%2Fmedia&parent=1023"}],"wp:term":[{"taxonomy":"category","embeddable":true,"href":"https:\/\/arbarcelona.es\/index.php?rest_route=%2Fwp%2Fv2%2Fcategories&post=1023"},{"taxonomy":"post_tag","embeddable":true,"href":"https:\/\/arbarcelona.es\/index.php?rest_route=%2Fwp%2Fv2%2Ftags&post=1023"}],"curies":[{"name":"wp","href":"https:\/\/api.w.org\/{rel}","templated":true}]}}