{"id":1028,"date":"2011-12-22T11:44:54","date_gmt":"2011-12-22T09:44:54","guid":{"rendered":"http:\/\/arbarcelona.es\/?p=1028"},"modified":"2011-12-22T11:44:54","modified_gmt":"2011-12-22T09:44:54","slug":"coros-navidenos-en-el-museu-europeu-dart-modern","status":"publish","type":"post","link":"https:\/\/arbarcelona.es\/?p=1028&amp;lang=es","title":{"rendered":"COROS NAVIDE\u00d1OS EN EL &#8220;MUSEU EUROPEU D&#8217;ART MODERN&#8221;"},"content":{"rendered":"<p><a href=\"http:\/\/arbarcelona.es\/wp-content\/uploads\/cors.jpg\"><img loading=\"lazy\" class=\"aligncenter size-full wp-image-1031\" title=\"cors\" src=\"http:\/\/arbarcelona.es\/wp-content\/uploads\/cors.jpg\" alt=\"\" width=\"443\" height=\"295\" srcset=\"https:\/\/arbarcelona.es\/wp-content\/uploads\/cors.jpg 443w, https:\/\/arbarcelona.es\/wp-content\/uploads\/cors-300x199.jpg 300w\" sizes=\"(max-width: 443px) 100vw, 443px\" \/><\/a><\/p>\n<p>Este mes de Diciembre el M.E.A.M. ofrece un ciclo de corales navide\u00f1as que se estren\u00f3 con el Cor F\u00f2rum Vocal y al que seguir\u00e1n 12 formaciones m\u00e1s hasta el 28 de Diciembre donde podr\u00e9is disfrutar de la combinaci\u00f3n de escuchar las voces interpretando un repertorio de canciones navide\u00f1as rodeados de las estatuas, cuadros y obras figurativas de este siglo expuestas en este museo.<\/p>\n","protected":false},"excerpt":{"rendered":"<p>Este mes de Diciembre el M.E.A.M. ofrece un ciclo de corales navide\u00f1as que se estren\u00f3 con el Cor F\u00f2rum Vocal y al que seguir\u00e1n 12 formaciones m\u00e1s hasta el 28 de Diciembre donde podr\u00e9is disfrutar de la combinaci\u00f3n de escuchar las voces interpretando un repertorio de canciones navide\u00f1as rodeados de las estatuas, cuadros y obras [&hellip;]<\/p>\n","protected":false},"author":2,"featured_media":0,"comment_status":"open","ping_status":"closed","sticky":false,"template":"","format":"standard","meta":{"_monsterinsights_skip_tracking":false,"_monsterinsights_sitenote_active":false,"_monsterinsights_sitenote_note":"","_monsterinsights_sitenote_category":0},"categories":[1],"tags":[],"_links":{"self":[{"href":"https:\/\/arbarcelona.es\/index.php?rest_route=\/wp\/v2\/posts\/1028"}],"collection":[{"href":"https:\/\/arbarcelona.es\/index.php?rest_route=\/wp\/v2\/posts"}],"about":[{"href":"https:\/\/arbarcelona.es\/index.php?rest_route=\/wp\/v2\/types\/post"}],"author":[{"embeddable":true,"href":"https:\/\/arbarcelona.es\/index.php?rest_route=\/wp\/v2\/users\/2"}],"replies":[{"embeddable":true,"href":"https:\/\/arbarcelona.es\/index.php?rest_route=%2Fwp%2Fv2%2Fcomments&post=1028"}],"version-history":[{"count":3,"href":"https:\/\/arbarcelona.es\/index.php?rest_route=\/wp\/v2\/posts\/1028\/revisions"}],"predecessor-version":[{"id":1035,"href":"https:\/\/arbarcelona.es\/index.php?rest_route=\/wp\/v2\/posts\/1028\/revisions\/1035"}],"wp:attachment":[{"href":"https:\/\/arbarcelona.es\/index.php?rest_route=%2Fwp%2Fv2%2Fmedia&parent=1028"}],"wp:term":[{"taxonomy":"category","embeddable":true,"href":"https:\/\/arbarcelona.es\/index.php?rest_route=%2Fwp%2Fv2%2Fcategories&post=1028"},{"taxonomy":"post_tag","embeddable":true,"href":"https:\/\/arbarcelona.es\/index.php?rest_route=%2Fwp%2Fv2%2Ftags&post=1028"}],"curies":[{"name":"wp","href":"https:\/\/api.w.org\/{rel}","templated":true}]}}