{"id":1041,"date":"2011-12-28T11:07:31","date_gmt":"2011-12-28T09:07:31","guid":{"rendered":"http:\/\/arbarcelona.es\/?p=1041"},"modified":"2011-12-28T11:09:20","modified_gmt":"2011-12-28T09:09:20","slug":"dia-de-los-santos-inocentes-en-que-todos-podemos-ser-victimas-de-las-inocentadas","status":"publish","type":"post","link":"https:\/\/arbarcelona.es\/?p=1041&amp;lang=es","title":{"rendered":"Dia de los Santos Inocentes en que todos podemos ser v\u00edctimas de las inocentadas"},"content":{"rendered":"<p><a href=\"http:\/\/arbarcelona.es\/wp-content\/uploads\/santos-inocentes.jpg\"><img loading=\"lazy\" class=\"aligncenter size-full wp-image-1043\" title=\"santos-inocentes\" src=\"http:\/\/arbarcelona.es\/wp-content\/uploads\/santos-inocentes.jpg\" alt=\"\" width=\"600\" height=\"150\" srcset=\"https:\/\/arbarcelona.es\/wp-content\/uploads\/santos-inocentes.jpg 600w, https:\/\/arbarcelona.es\/wp-content\/uploads\/santos-inocentes-300x75.jpg 300w\" sizes=\"(max-width: 600px) 100vw, 600px\" \/><\/a><\/p>\n<p>Aunque el\u00a0D\u00eda de los <strong>Santos Inocentes<\/strong> tiene su or\u00edgen en la conmemoraci\u00f3n de un episodio\u00a0del cristianismo: el mito de la matanza de todos los ni\u00f1os menores de 2 a\u00f1os de Bel\u00e9n ordenada por Herodes para acabar con Jes\u00fas; hoy en d\u00eda, ha perdido su car\u00e1cter religioso para convertirse en costumbre el realizar en esta fecha, bromas de toda \u00edndole. Los medios de comunicaci\u00f3n hacen bromas o tergiversan su contenido de tal modo que la informaci\u00f3n parezca real. Se trata de una libertad que se dan los agentes medi\u00e1ticos para dar rienda suelta a su sentido del humor, oportunidad que solamente tienen una vez al a\u00f1o. Es tradici\u00f3n que los peri\u00f3dicos publiquen p\u00e1ginas enteras de noticias c\u00f3micas, con la advertencia de que es d\u00eda de los inocentes, que van desde las que son una obvia mofa a cualquier suceso reciente, hasta las que parecen serias y enga\u00f1an al lector desprevenido. El d\u00eda de los inocentes se vive en todo el mundo hispanohablante sabiendo aceptar deportivamente las bromas de las que hemos sido destinatarios.<\/p>\n","protected":false},"excerpt":{"rendered":"<p>Aunque el\u00a0D\u00eda de los Santos Inocentes tiene su or\u00edgen en la conmemoraci\u00f3n de un episodio\u00a0del cristianismo: el mito de la matanza de todos los ni\u00f1os menores de 2 a\u00f1os de Bel\u00e9n ordenada por Herodes para acabar con Jes\u00fas; hoy en d\u00eda, ha perdido su car\u00e1cter religioso para convertirse en costumbre el realizar en esta fecha, [&hellip;]<\/p>\n","protected":false},"author":2,"featured_media":0,"comment_status":"open","ping_status":"closed","sticky":false,"template":"","format":"standard","meta":{"_monsterinsights_skip_tracking":false,"_monsterinsights_sitenote_active":false,"_monsterinsights_sitenote_note":"","_monsterinsights_sitenote_category":0},"categories":[1],"tags":[],"_links":{"self":[{"href":"https:\/\/arbarcelona.es\/index.php?rest_route=\/wp\/v2\/posts\/1041"}],"collection":[{"href":"https:\/\/arbarcelona.es\/index.php?rest_route=\/wp\/v2\/posts"}],"about":[{"href":"https:\/\/arbarcelona.es\/index.php?rest_route=\/wp\/v2\/types\/post"}],"author":[{"embeddable":true,"href":"https:\/\/arbarcelona.es\/index.php?rest_route=\/wp\/v2\/users\/2"}],"replies":[{"embeddable":true,"href":"https:\/\/arbarcelona.es\/index.php?rest_route=%2Fwp%2Fv2%2Fcomments&post=1041"}],"version-history":[{"count":11,"href":"https:\/\/arbarcelona.es\/index.php?rest_route=\/wp\/v2\/posts\/1041\/revisions"}],"predecessor-version":[{"id":1067,"href":"https:\/\/arbarcelona.es\/index.php?rest_route=\/wp\/v2\/posts\/1041\/revisions\/1067"}],"wp:attachment":[{"href":"https:\/\/arbarcelona.es\/index.php?rest_route=%2Fwp%2Fv2%2Fmedia&parent=1041"}],"wp:term":[{"taxonomy":"category","embeddable":true,"href":"https:\/\/arbarcelona.es\/index.php?rest_route=%2Fwp%2Fv2%2Fcategories&post=1041"},{"taxonomy":"post_tag","embeddable":true,"href":"https:\/\/arbarcelona.es\/index.php?rest_route=%2Fwp%2Fv2%2Ftags&post=1041"}],"curies":[{"name":"wp","href":"https:\/\/api.w.org\/{rel}","templated":true}]}}