{"id":1379,"date":"2012-06-01T10:56:34","date_gmt":"2012-06-01T08:56:34","guid":{"rendered":"http:\/\/arbarcelona.es\/?p=1379"},"modified":"2012-06-01T11:00:15","modified_gmt":"2012-06-01T09:00:15","slug":"festival-grec","status":"publish","type":"post","link":"https:\/\/arbarcelona.es\/?p=1379&amp;lang=es","title":{"rendered":"FESTIVAL GREC"},"content":{"rendered":"<p style=\"text-align: center;\"><strong>GREC 2012 FESTIVAL DE BARCELONA<\/strong><\/p>\n<p style=\"text-align: center;\"><strong><a href=\"http:\/\/arbarcelona.es\/wp-content\/uploads\/grec.jpg\"><img loading=\"lazy\" class=\"aligncenter size-medium wp-image-1380\" title=\"grec\" src=\"http:\/\/arbarcelona.es\/wp-content\/uploads\/grec-300x72.jpg\" alt=\"\" width=\"300\" height=\"72\" srcset=\"https:\/\/arbarcelona.es\/wp-content\/uploads\/grec-300x72.jpg 300w, https:\/\/arbarcelona.es\/wp-content\/uploads\/grec.jpg 830w\" sizes=\"(max-width: 300px) 100vw, 300px\" \/><\/a><br \/>\n<\/strong><\/p>\n<p style=\"text-align: center;\"><strong> Sabado 30 de junio a martes 31 de julio 2012<\/strong><\/p>\n<p>El Grec Festival de Barcelona es la principal cita de la ciudad con el teatro, la danza, la m\u00fasica y el circo. Se trata de un festival con una larga tradici\u00f3n que, en 2012, alcanzar\u00e1 su edici\u00f3n n\u00famero treinta y seis.<\/p>\n<p>&nbsp;<\/p>\n<p>&nbsp;<\/p>\n<p style=\"text-align: right;\"><span style=\"text-align: left;\"><a href=\"http:\/\/arbarcelona.es\/wp-content\/uploads\/Teatre_Grec.jpg\"><img loading=\"lazy\" class=\"alignleft size-full wp-image-1452\" title=\"Teatre_Grec\" src=\"http:\/\/arbarcelona.es\/wp-content\/uploads\/Teatre_Grec.jpg\" alt=\"\" width=\"300\" height=\"199\" \/><\/a>El Grec se ha convertido en este tiempo no s\u00f3lo en la principal atracci\u00f3n cultural del verano barcelon\u00e9s, sino\u00a0tambi\u00e9n en una referencia en el calendario europeo de festivales. Su nombre se debe al principal espacio del Festival, el lugar en el que invariablemente se organizan las sesiones inaugurales: el Teatre Grec de Montju\u00efc, un teatro al aire libre construido\u00a0con motivo de la Exposici\u00f3n Universal de 1929.<\/span><\/p>\n<p style=\"text-align: left;\">&nbsp;<\/p>\n<p style=\"text-align: left;\">&nbsp;<\/p>\n<p><img loading=\"lazy\" class=\"alignright size-medium wp-image-1382\" title=\"image\" src=\"http:\/\/arbarcelona.es\/wp-content\/uploads\/image-300x200.jpg\" alt=\"\" width=\"300\" height=\"200\" srcset=\"https:\/\/arbarcelona.es\/wp-content\/uploads\/image-300x200.jpg 300w, https:\/\/arbarcelona.es\/wp-content\/uploads\/image.jpg 720w\" sizes=\"(max-width: 300px) 100vw, 300px\" \/><\/p>\n<p>&nbsp;<\/p>\n<p>M\u00e1s informaci\u00f3n del programa diario y entradas disponibles en la p\u00e1gina web: <a href=\"http:\/\/grec.bcn.cat\/es\">http:\/\/grec.bcn.cat\/es<\/a><\/p>\n<p><strong><br \/>\n<\/strong><\/p>\n","protected":false},"excerpt":{"rendered":"<p>GREC 2012 FESTIVAL DE BARCELONA Sabado 30 de junio a martes 31 de julio 2012 El Grec Festival de Barcelona es la principal cita de la ciudad con el teatro, la danza, la m\u00fasica y el circo. Se trata de un festival con una larga tradici\u00f3n que, en 2012, alcanzar\u00e1 su edici\u00f3n n\u00famero treinta y [&hellip;]<\/p>\n","protected":false},"author":2,"featured_media":0,"comment_status":"open","ping_status":"closed","sticky":false,"template":"","format":"standard","meta":{"_monsterinsights_skip_tracking":false,"_monsterinsights_sitenote_active":false,"_monsterinsights_sitenote_note":"","_monsterinsights_sitenote_category":0},"categories":[1],"tags":[],"_links":{"self":[{"href":"https:\/\/arbarcelona.es\/index.php?rest_route=\/wp\/v2\/posts\/1379"}],"collection":[{"href":"https:\/\/arbarcelona.es\/index.php?rest_route=\/wp\/v2\/posts"}],"about":[{"href":"https:\/\/arbarcelona.es\/index.php?rest_route=\/wp\/v2\/types\/post"}],"author":[{"embeddable":true,"href":"https:\/\/arbarcelona.es\/index.php?rest_route=\/wp\/v2\/users\/2"}],"replies":[{"embeddable":true,"href":"https:\/\/arbarcelona.es\/index.php?rest_route=%2Fwp%2Fv2%2Fcomments&post=1379"}],"version-history":[{"count":13,"href":"https:\/\/arbarcelona.es\/index.php?rest_route=\/wp\/v2\/posts\/1379\/revisions"}],"predecessor-version":[{"id":1451,"href":"https:\/\/arbarcelona.es\/index.php?rest_route=\/wp\/v2\/posts\/1379\/revisions\/1451"}],"wp:attachment":[{"href":"https:\/\/arbarcelona.es\/index.php?rest_route=%2Fwp%2Fv2%2Fmedia&parent=1379"}],"wp:term":[{"taxonomy":"category","embeddable":true,"href":"https:\/\/arbarcelona.es\/index.php?rest_route=%2Fwp%2Fv2%2Fcategories&post=1379"},{"taxonomy":"post_tag","embeddable":true,"href":"https:\/\/arbarcelona.es\/index.php?rest_route=%2Fwp%2Fv2%2Ftags&post=1379"}],"curies":[{"name":"wp","href":"https:\/\/api.w.org\/{rel}","templated":true}]}}