{"id":1435,"date":"2012-06-11T11:48:43","date_gmt":"2012-06-11T09:48:43","guid":{"rendered":"http:\/\/arbarcelona.es\/?p=1435"},"modified":"2012-06-11T11:48:43","modified_gmt":"2012-06-11T09:48:43","slug":"el-poble-espanyol","status":"publish","type":"post","link":"https:\/\/arbarcelona.es\/?p=1435&amp;lang=es","title":{"rendered":"El Poble Espanyol"},"content":{"rendered":"<p style=\"text-align: center;\"><strong>Poble Espanyol<\/strong><\/p>\n<p style=\"text-align: left;\">Este pueblo amurallado est\u00e1 ubicado en la monta\u00f1a de Montjuic de Barcelona. El pueblo\u00a0m\u00e1gico\u00a0con sus edificios bonitos tiene un\u00a0museo\u00a0arquitect\u00f3nico\u00a0adem\u00e1s de un gran variedad de tiendas,\u00a0restaurantes\u00a0y talleres de\u00a0artesanos.<\/p>\n<p style=\"text-align: left;\">El Poble Espanyol fue dise\u00f1ado por el arquitecto Josep Puig i Cadafalch en 1929 por el\u00a0Exposici\u00f3n Internacional de Barcelona para mostrar la diversidad de la cultura espa\u00f1ola. El objetivo era dar una idea de lo que podr\u00eda ser un \u201cmodelo ideal\u201d. Se\u00a0construyeron\u00a0117 edificios, calles y plazas replicando las principales\u00a0caracter\u00edsticas de los pueblos de la\u00a0pen\u00ednsula. \u00a0El pueblo\u00a0\u00fanico\u00a0se\u00a0une la belleza arquitect\u00f3nica de todas las\u00a0regiones\u00a0de Espa\u00f1a.<\/p>\n<p style=\"text-align: left;\">El pueblo\u00a0tambi\u00e9n\u00a0es el hogar de una\u00a0comunidad\u00a0de peque\u00f1os artesanos. Hay mas de 40 talleres donde puede\u00a0descubrir\u00a0los secretos y m\u00e9todos de una variedad grande de\u00a0disciplinas; hay\u00a0talleres\u00a0y manifestaciones\u00a0de vidrio soplado,\u00a0de cer\u00e1mica,\u00a0 joyer\u00eda, artesan\u00eda\u00a0en jabones y velas para nombrar s\u00f3lo algunos.<\/p>\n<p style=\"text-align: left;\">Este pueblo pac\u00edfico sin tr\u00e1fico es un lugar perfecto para aprender y\u00a0descubrir\u00a0la historia y la cultura de Espa\u00f1a. Hay muchos\u00a0caf\u00e9s\u00a0y restaurantes para relajarse y disfrutar de la cocina Catalana, y la\u00a0m\u00fasica\u00a0en vivo- para vivir un \u00e1gape diferente, en un entorno \u00fanico.<\/p>\n<p style=\"text-align: center;\"><a href=\"http:\/\/arbarcelona.es\/wp-content\/uploads\/poble-espanyol.jpg\"><img loading=\"lazy\" title=\"poble espanyol\" src=\"http:\/\/arbarcelona.es\/wp-content\/uploads\/poble-espanyol-300x169.jpg\" alt=\"\" width=\"300\" height=\"169\" \/><\/a><\/p>\n","protected":false},"excerpt":{"rendered":"<p>Poble Espanyol Este pueblo amurallado est\u00e1 ubicado en la monta\u00f1a de Montjuic de Barcelona. El pueblo\u00a0m\u00e1gico\u00a0con sus edificios bonitos tiene un\u00a0museo\u00a0arquitect\u00f3nico\u00a0adem\u00e1s de un gran variedad de tiendas,\u00a0restaurantes\u00a0y talleres de\u00a0artesanos. El Poble Espanyol fue dise\u00f1ado por el arquitecto Josep Puig i Cadafalch en 1929 por el\u00a0Exposici\u00f3n Internacional de Barcelona para mostrar la diversidad de la cultura [&hellip;]<\/p>\n","protected":false},"author":2,"featured_media":0,"comment_status":"open","ping_status":"closed","sticky":false,"template":"","format":"standard","meta":{"_monsterinsights_skip_tracking":false,"_monsterinsights_sitenote_active":false,"_monsterinsights_sitenote_note":"","_monsterinsights_sitenote_category":0},"categories":[1],"tags":[],"_links":{"self":[{"href":"https:\/\/arbarcelona.es\/index.php?rest_route=\/wp\/v2\/posts\/1435"}],"collection":[{"href":"https:\/\/arbarcelona.es\/index.php?rest_route=\/wp\/v2\/posts"}],"about":[{"href":"https:\/\/arbarcelona.es\/index.php?rest_route=\/wp\/v2\/types\/post"}],"author":[{"embeddable":true,"href":"https:\/\/arbarcelona.es\/index.php?rest_route=\/wp\/v2\/users\/2"}],"replies":[{"embeddable":true,"href":"https:\/\/arbarcelona.es\/index.php?rest_route=%2Fwp%2Fv2%2Fcomments&post=1435"}],"version-history":[{"count":13,"href":"https:\/\/arbarcelona.es\/index.php?rest_route=\/wp\/v2\/posts\/1435\/revisions"}],"predecessor-version":[{"id":1511,"href":"https:\/\/arbarcelona.es\/index.php?rest_route=\/wp\/v2\/posts\/1435\/revisions\/1511"}],"wp:attachment":[{"href":"https:\/\/arbarcelona.es\/index.php?rest_route=%2Fwp%2Fv2%2Fmedia&parent=1435"}],"wp:term":[{"taxonomy":"category","embeddable":true,"href":"https:\/\/arbarcelona.es\/index.php?rest_route=%2Fwp%2Fv2%2Fcategories&post=1435"},{"taxonomy":"post_tag","embeddable":true,"href":"https:\/\/arbarcelona.es\/index.php?rest_route=%2Fwp%2Fv2%2Ftags&post=1435"}],"curies":[{"name":"wp","href":"https:\/\/api.w.org\/{rel}","templated":true}]}}