{"id":1474,"date":"2012-06-04T12:58:14","date_gmt":"2012-06-04T10:58:14","guid":{"rendered":"http:\/\/arbarcelona.es\/?p=1474"},"modified":"2012-06-04T13:00:11","modified_gmt":"2012-06-04T11:00:11","slug":"la-fuente-magica-de-montjuic","status":"publish","type":"post","link":"https:\/\/arbarcelona.es\/?p=1474&amp;lang=es","title":{"rendered":"La Fuente M\u00e1gica de Montjuic"},"content":{"rendered":"<p style=\"text-align: center;\">No te pierdas la fuente m\u00e1gica cuando est\u00e9s en Barcelona.<\/p>\n<div style=\"text-align: left;\">El primer espect\u00e1culo\u00a0de las fuentes \u00a0de Montjuic tuvieron lugar el d\u00eda 19 de mayo de 1929, durante la\u00a0Exhibici\u00f3n\u00a0Internacional de Barcelona. Carles Buigas dise\u00f1\u00f3 los planes para las fuentes, y mucha gente pensaba que eran\u00a0demasiado\u00a0ambiciosos.\u00a0\u00a0No obstante, menos de un a\u00f1o m\u00e1s tarde, con la ayuda de m\u00e1s de 3000 trabajadores las fuentes cobraron vida.<\/div>\n<div style=\"text-align: center;\"><a href=\"http:\/\/arbarcelona.es\/wp-content\/uploads\/magicfountians.jpg\"><img loading=\"lazy\" class=\"aligncenter\" title=\"magicfountians\" src=\"http:\/\/arbarcelona.es\/wp-content\/uploads\/magicfountians-300x225.jpg\" alt=\"\" width=\"300\" height=\"225\" \/><\/a><\/div>\n<div style=\"text-align: left;\">El famoso\u00a0espect\u00e1culo\u00a0de agua, luz y\u00a0m\u00fasica tiene lugar al pie de la monta\u00f1a de Montjuic en un escenario bonito con vistas del Palau Nacional hasta Plaza Espa\u00f1a. El\u00a0espect\u00e1culo\u00a0incluye una variedad de\u00a0m\u00fasica que van de Beethoven y Vivaldi a Queen y Freddy Mecury. \u00a0La magia del agua combinada con la\u00a0m\u00fasica\u00a0y la luz producen un\u00a0espect\u00e1culo\u00a0entretenido que se puede disfrutar en las noches de verano en Barcelona.<\/div>\n<div>\n<p style=\"text-align: center;\">Horas de operativa 30 de abril a 30 de septiembre:<\/p>\n<p style=\"text-align: center;\">jueves a domingo, 9pm \u2013 11:30pm<\/p>\n<p style=\"text-align: center;\">Espect\u00e1culos\u00a0musicales: 9pm, 9:30pm, 10pm, 10:30pm y 11pm<\/p>\n<p style=\"text-align: center;\"><a href=\"http:\/\/arbarcelona.es\/wp-content\/uploads\/fountain.jpg\"><img loading=\"lazy\" title=\"fountain\" src=\"http:\/\/arbarcelona.es\/wp-content\/uploads\/fountain-300x224.jpg\" alt=\"\" width=\"300\" height=\"224\" \/><\/a><\/p>\n<p style=\"text-align: center;\"><a href=\"http:\/\/arbarcelona.es\/wp-content\/uploads\/magic.jpg\"><img loading=\"lazy\" class=\"aligncenter\" title=\"magic\" src=\"http:\/\/arbarcelona.es\/wp-content\/uploads\/magic-300x184.jpg\" alt=\"\" width=\"300\" height=\"184\" \/><\/a><\/p>\n<\/div>\n","protected":false},"excerpt":{"rendered":"<p>No te pierdas la fuente m\u00e1gica cuando est\u00e9s en Barcelona. El primer espect\u00e1culo\u00a0de las fuentes \u00a0de Montjuic tuvieron lugar el d\u00eda 19 de mayo de 1929, durante la\u00a0Exhibici\u00f3n\u00a0Internacional de Barcelona. Carles Buigas dise\u00f1\u00f3 los planes para las fuentes, y mucha gente pensaba que eran\u00a0demasiado\u00a0ambiciosos.\u00a0\u00a0No obstante, menos de un a\u00f1o m\u00e1s tarde, con la ayuda de [&hellip;]<\/p>\n","protected":false},"author":2,"featured_media":0,"comment_status":"open","ping_status":"closed","sticky":false,"template":"","format":"standard","meta":{"_monsterinsights_skip_tracking":false,"_monsterinsights_sitenote_active":false,"_monsterinsights_sitenote_note":"","_monsterinsights_sitenote_category":0},"categories":[1],"tags":[],"_links":{"self":[{"href":"https:\/\/arbarcelona.es\/index.php?rest_route=\/wp\/v2\/posts\/1474"}],"collection":[{"href":"https:\/\/arbarcelona.es\/index.php?rest_route=\/wp\/v2\/posts"}],"about":[{"href":"https:\/\/arbarcelona.es\/index.php?rest_route=\/wp\/v2\/types\/post"}],"author":[{"embeddable":true,"href":"https:\/\/arbarcelona.es\/index.php?rest_route=\/wp\/v2\/users\/2"}],"replies":[{"embeddable":true,"href":"https:\/\/arbarcelona.es\/index.php?rest_route=%2Fwp%2Fv2%2Fcomments&post=1474"}],"version-history":[{"count":16,"href":"https:\/\/arbarcelona.es\/index.php?rest_route=\/wp\/v2\/posts\/1474\/revisions"}],"predecessor-version":[{"id":1496,"href":"https:\/\/arbarcelona.es\/index.php?rest_route=\/wp\/v2\/posts\/1474\/revisions\/1496"}],"wp:attachment":[{"href":"https:\/\/arbarcelona.es\/index.php?rest_route=%2Fwp%2Fv2%2Fmedia&parent=1474"}],"wp:term":[{"taxonomy":"category","embeddable":true,"href":"https:\/\/arbarcelona.es\/index.php?rest_route=%2Fwp%2Fv2%2Fcategories&post=1474"},{"taxonomy":"post_tag","embeddable":true,"href":"https:\/\/arbarcelona.es\/index.php?rest_route=%2Fwp%2Fv2%2Ftags&post=1474"}],"curies":[{"name":"wp","href":"https:\/\/api.w.org\/{rel}","templated":true}]}}