{"id":521,"date":"2011-07-30T12:21:50","date_gmt":"2011-07-30T10:21:50","guid":{"rendered":"http:\/\/arbarcelona.es\/?p=521"},"modified":"2011-11-29T15:05:59","modified_gmt":"2011-11-29T13:05:59","slug":"itma-2011","status":"publish","type":"post","link":"https:\/\/arbarcelona.es\/?p=521&amp;lang=es","title":{"rendered":"ITMA 2011"},"content":{"rendered":"<p><a href=\"http:\/\/news.arbarcelona.es\/wp-content\/uploads\/2011\/08\/2.jpg\"><img loading=\"lazy\" class=\"alignleft size-full wp-image-522\" style=\"margin-right: 5px; margin-left: 5px;\" title=\"ITMA\" src=\"http:\/\/news.arbarcelona.es\/wp-content\/uploads\/2011\/08\/2.jpg\" alt=\"\" width=\"188\" height=\"225\" \/><\/a>ITMA, celebrada cada cuatro a\u00f1os, es reconocida como \u201cLas Olimpiadas\u201d de la industria de la maquinaria textil y de las confecciones. Una vez m\u00e1s ITMA 2011 ser\u00e1 un escaparate de la tecnolog\u00eda punta y un lugar de encuentro esencial para compradores y vendedores de todo el mundo.<\/p>\n<p>ITMA celebrar\u00e1 su 60 aniversario en la pr\u00f3xima edici\u00f3n que tendr\u00e1 lugar del 22 al 29 de Septiembre de 2011 en Barcelona. Para conmemorar la ocasi\u00f3n ITMA viene cargada de novedades tales como: The World Textile Summit (Cumbre Mundial del Textil), IFAI Advanced Textiles Forum (Foro de Textiles Avanzados) y the Research &amp; Education Pavilion ( Pabell\u00f3n dedicado a la Investigaci\u00f3n y Educaci\u00f3n).<\/p>\n<p>Adem\u00e1s, como respuesta a la necesidad del mercado\u00a0 de una plataforma que englobe todos los eslabones de la producci\u00f3n textil \u00a0se ha incluido un nuevo sector en la feria dedicado a las fibras y tejidos, tanto naturales como sint\u00e9ticos.<!--more--><\/p>\n<p>Sin lugar a dudas \u00a0es un evento que no puede perderse.<br \/>\nPara mas informaci\u00f3n puede visitar nuestra p\u00e1gina web <a href=\"http:\/\/www.itma.com\/\">www.itma.com<\/a><\/p>\n","protected":false},"excerpt":{"rendered":"<p>ITMA, celebrada cada cuatro a\u00f1os, es reconocida como \u201cLas Olimpiadas\u201d de la industria de la maquinaria textil y de las confecciones. Una vez m\u00e1s ITMA 2011 ser\u00e1 un escaparate de la tecnolog\u00eda punta y un lugar de encuentro esencial para compradores y vendedores de todo el mundo. ITMA celebrar\u00e1 su 60 aniversario en la pr\u00f3xima [&hellip;]<\/p>\n","protected":false},"author":2,"featured_media":0,"comment_status":"open","ping_status":"closed","sticky":false,"template":"","format":"standard","meta":{"_monsterinsights_skip_tracking":false,"_monsterinsights_sitenote_active":false,"_monsterinsights_sitenote_note":"","_monsterinsights_sitenote_category":0},"categories":[1],"tags":[],"_links":{"self":[{"href":"https:\/\/arbarcelona.es\/index.php?rest_route=\/wp\/v2\/posts\/521"}],"collection":[{"href":"https:\/\/arbarcelona.es\/index.php?rest_route=\/wp\/v2\/posts"}],"about":[{"href":"https:\/\/arbarcelona.es\/index.php?rest_route=\/wp\/v2\/types\/post"}],"author":[{"embeddable":true,"href":"https:\/\/arbarcelona.es\/index.php?rest_route=\/wp\/v2\/users\/2"}],"replies":[{"embeddable":true,"href":"https:\/\/arbarcelona.es\/index.php?rest_route=%2Fwp%2Fv2%2Fcomments&post=521"}],"version-history":[{"count":8,"href":"https:\/\/arbarcelona.es\/index.php?rest_route=\/wp\/v2\/posts\/521\/revisions"}],"predecessor-version":[{"id":899,"href":"https:\/\/arbarcelona.es\/index.php?rest_route=\/wp\/v2\/posts\/521\/revisions\/899"}],"wp:attachment":[{"href":"https:\/\/arbarcelona.es\/index.php?rest_route=%2Fwp%2Fv2%2Fmedia&parent=521"}],"wp:term":[{"taxonomy":"category","embeddable":true,"href":"https:\/\/arbarcelona.es\/index.php?rest_route=%2Fwp%2Fv2%2Fcategories&post=521"},{"taxonomy":"post_tag","embeddable":true,"href":"https:\/\/arbarcelona.es\/index.php?rest_route=%2Fwp%2Fv2%2Ftags&post=521"}],"curies":[{"name":"wp","href":"https:\/\/api.w.org\/{rel}","templated":true}]}}