{"id":652,"date":"2011-11-11T16:00:23","date_gmt":"2011-11-11T14:00:23","guid":{"rendered":"http:\/\/arbarcelona.es\/?p=652"},"modified":"2011-11-29T15:05:59","modified_gmt":"2011-11-29T13:05:59","slug":"os-presentamos-un-nuevo-apartamento-en-pleno-barrio-de-gracia","status":"publish","type":"post","link":"https:\/\/arbarcelona.es\/?p=652&amp;lang=es","title":{"rendered":"Os presentamos un nuevo apartamento en pleno barrio de Gracia"},"content":{"rendered":"<p><img loading=\"lazy\" src=\"http:\/\/arbarcelona.es\/wp-content\/uploads\/2010\/11\/biada\/002.jpg\" border=\"0\" alt=\"\" width=\"495\" height=\"355\" \/><\/p>\n<p>\u00c1tico de 75m\u00b2 y 15 m\u00b2 de terraza soleada todo el d\u00eda. Dispone de dos habitaciones y est\u00e1 totalmente equipado. Situado junto a la novel\u00edstica Plaza del Diamant en el Barrio de Gracia.<\/p>\n","protected":false},"excerpt":{"rendered":"<p>\u00c1tico de 75m\u00b2 y 15 m\u00b2 de terraza soleada todo el d\u00eda. Dispone de dos habitaciones y est\u00e1 totalmente equipado. Situado junto a la novel\u00edstica Plaza del Diamant en el Barrio de Gracia.<\/p>\n","protected":false},"author":2,"featured_media":0,"comment_status":"open","ping_status":"closed","sticky":false,"template":"","format":"standard","meta":{"_monsterinsights_skip_tracking":false,"_monsterinsights_sitenote_active":false,"_monsterinsights_sitenote_note":"","_monsterinsights_sitenote_category":0},"categories":[1],"tags":[],"_links":{"self":[{"href":"https:\/\/arbarcelona.es\/index.php?rest_route=\/wp\/v2\/posts\/652"}],"collection":[{"href":"https:\/\/arbarcelona.es\/index.php?rest_route=\/wp\/v2\/posts"}],"about":[{"href":"https:\/\/arbarcelona.es\/index.php?rest_route=\/wp\/v2\/types\/post"}],"author":[{"embeddable":true,"href":"https:\/\/arbarcelona.es\/index.php?rest_route=\/wp\/v2\/users\/2"}],"replies":[{"embeddable":true,"href":"https:\/\/arbarcelona.es\/index.php?rest_route=%2Fwp%2Fv2%2Fcomments&post=652"}],"version-history":[{"count":12,"href":"https:\/\/arbarcelona.es\/index.php?rest_route=\/wp\/v2\/posts\/652\/revisions"}],"predecessor-version":[{"id":894,"href":"https:\/\/arbarcelona.es\/index.php?rest_route=\/wp\/v2\/posts\/652\/revisions\/894"}],"wp:attachment":[{"href":"https:\/\/arbarcelona.es\/index.php?rest_route=%2Fwp%2Fv2%2Fmedia&parent=652"}],"wp:term":[{"taxonomy":"category","embeddable":true,"href":"https:\/\/arbarcelona.es\/index.php?rest_route=%2Fwp%2Fv2%2Fcategories&post=652"},{"taxonomy":"post_tag","embeddable":true,"href":"https:\/\/arbarcelona.es\/index.php?rest_route=%2Fwp%2Fv2%2Ftags&post=652"}],"curies":[{"name":"wp","href":"https:\/\/api.w.org\/{rel}","templated":true}]}}