{"id":662,"date":"2011-11-14T17:10:45","date_gmt":"2011-11-14T15:10:45","guid":{"rendered":"http:\/\/arbarcelona.es\/?p=662"},"modified":"2011-11-29T15:05:59","modified_gmt":"2011-11-29T13:05:59","slug":"casa-decor-2011-barcelona","status":"publish","type":"post","link":"https:\/\/arbarcelona.es\/?p=662&amp;lang=es","title":{"rendered":"Casa Decor 2011 Barcelona"},"content":{"rendered":"<p><a href=\"http:\/\/arbarcelona.es\/wp-content\/uploads\/casadecorbcn20111.jpg\"><img loading=\"lazy\" class=\"aligncenter size-medium wp-image-675\" title=\"casadecorbcn2011\" src=\"http:\/\/arbarcelona.es\/wp-content\/uploads\/casadecorbcn20111-300x240.jpg\" alt=\"\" width=\"300\" height=\"240\" srcset=\"https:\/\/arbarcelona.es\/wp-content\/uploads\/casadecorbcn20111-300x240.jpg 300w, https:\/\/arbarcelona.es\/wp-content\/uploads\/casadecorbcn20111.jpg 500w\" sizes=\"(max-width: 300px) 100vw, 300px\" \/><\/a>\u00a0<\/p>\n<p>Desde el pasado11 de noviembre y hasta el 11 de diciembre, los amantes de la decoraci\u00f3n se podr\u00e1n acercar a la Gran V\u00eda de Les Corts Catalans n\u00famero 700 en un horario de 11 a 21. Algunos de los participantes coinciden con los que\u00a0se vieron ya en Madrid como Barclays, Pinturas Valentine, Porcelanosa o Fotocasa, mientras que otros llegan a la cita dispuestos a sorprender.<\/p>\n<p>La <strong>Casa Antoni Bonay<\/strong> ha sido el escenario elegido para esta edici\u00f3n de Casa Decor. Construida en 1869, la casa tiene 2.000 metros cuadrados de superficies repartidos en cinco plantas. Esta vez se ha decidido dividir el espacio en cinco l\u00edneas est\u00e9ticas y conceptuales:<\/p>\n<p>*<strong> Casa Decor Home<\/strong>, donde se mostrar\u00e1n los proyectos de decoraci\u00f3n, interiorismo y arquitectura de los principales profesionales.<\/p>\n<ul>\n<li><strong>Casa Decor Outdoor<\/strong>, con propuestas de paisajismo y jardiner\u00eda enfocados a abordar los problemas de las grandes ciudades.<\/li>\n<\/ul>\n<p>\u00a0<\/p>\n<ul>\n<li><strong>Casa Decor Contract<\/strong>, dedicada a la decoraci\u00f3n de espacios p\u00fablicos como tiendas, oficinas, hoteles o restaurantes.<\/li>\n<\/ul>\n<ul>\n<li><strong>Casa Decor Concept<\/strong> donde estar\u00e1n las firmas de vanguardia con los materiales de \u00faltima generaci\u00f3n, donde podr\u00e9is ver ad\u00f3nde van las \u00faltimas tendencias decorativas.<\/li>\n<\/ul>\n<ul>\n<li><strong>Casa Decor Gallery<\/strong> ser\u00e1 donde los amantes del arte se den cita, con una propuesta a modo de galer\u00eda.<\/li>\n<\/ul>\n","protected":false},"excerpt":{"rendered":"<p>\u00a0 Desde el pasado11 de noviembre y hasta el 11 de diciembre, los amantes de la decoraci\u00f3n se podr\u00e1n acercar a la Gran V\u00eda de Les Corts Catalans n\u00famero 700 en un horario de 11 a 21. Algunos de los participantes coinciden con los que\u00a0se vieron ya en Madrid como Barclays, Pinturas Valentine, Porcelanosa o [&hellip;]<\/p>\n","protected":false},"author":2,"featured_media":0,"comment_status":"open","ping_status":"closed","sticky":false,"template":"","format":"standard","meta":{"_monsterinsights_skip_tracking":false,"_monsterinsights_sitenote_active":false,"_monsterinsights_sitenote_note":"","_monsterinsights_sitenote_category":0},"categories":[1],"tags":[],"_links":{"self":[{"href":"https:\/\/arbarcelona.es\/index.php?rest_route=\/wp\/v2\/posts\/662"}],"collection":[{"href":"https:\/\/arbarcelona.es\/index.php?rest_route=\/wp\/v2\/posts"}],"about":[{"href":"https:\/\/arbarcelona.es\/index.php?rest_route=\/wp\/v2\/types\/post"}],"author":[{"embeddable":true,"href":"https:\/\/arbarcelona.es\/index.php?rest_route=\/wp\/v2\/users\/2"}],"replies":[{"embeddable":true,"href":"https:\/\/arbarcelona.es\/index.php?rest_route=%2Fwp%2Fv2%2Fcomments&post=662"}],"version-history":[{"count":8,"href":"https:\/\/arbarcelona.es\/index.php?rest_route=\/wp\/v2\/posts\/662\/revisions"}],"predecessor-version":[{"id":893,"href":"https:\/\/arbarcelona.es\/index.php?rest_route=\/wp\/v2\/posts\/662\/revisions\/893"}],"wp:attachment":[{"href":"https:\/\/arbarcelona.es\/index.php?rest_route=%2Fwp%2Fv2%2Fmedia&parent=662"}],"wp:term":[{"taxonomy":"category","embeddable":true,"href":"https:\/\/arbarcelona.es\/index.php?rest_route=%2Fwp%2Fv2%2Fcategories&post=662"},{"taxonomy":"post_tag","embeddable":true,"href":"https:\/\/arbarcelona.es\/index.php?rest_route=%2Fwp%2Fv2%2Ftags&post=662"}],"curies":[{"name":"wp","href":"https:\/\/api.w.org\/{rel}","templated":true}]}}