{"id":744,"date":"2011-11-25T11:14:50","date_gmt":"2011-11-25T09:14:50","guid":{"rendered":"http:\/\/arbarcelona.es\/?p=744"},"modified":"2011-11-29T15:05:59","modified_gmt":"2011-11-29T13:05:59","slug":"eibtm-fira-gran-via-barcelona-del-29-noviembre-al-1-diciembre","status":"publish","type":"post","link":"https:\/\/arbarcelona.es\/?p=744&amp;lang=es","title":{"rendered":"EIBTM Fira Gran Via, Barcelona. Del 29 Noviembre al 1 Diciembre"},"content":{"rendered":"<p><a href=\"http:\/\/arbarcelona.es\/wp-content\/uploads\/eibtm-gran.jpg\"><img loading=\"lazy\" class=\"aligncenter size-full wp-image-745\" title=\"eibtm gran\" src=\"http:\/\/arbarcelona.es\/wp-content\/uploads\/eibtm-gran.jpg\" alt=\"\" width=\"960\" height=\"150\" srcset=\"https:\/\/arbarcelona.es\/wp-content\/uploads\/eibtm-gran.jpg 960w, https:\/\/arbarcelona.es\/wp-content\/uploads\/eibtm-gran-300x46.jpg 300w\" sizes=\"(max-width: 960px) 100vw, 960px\" \/><\/a><\/p>\n<p>EIBTM es el evento l\u00edder mundial para la industria de reuniones y eventos que tendr\u00e1 lugar en el centro de negocios y destino tur\u00edstico de Barcelona por excelencia. El evento reune a m\u00e1s de 12.400 profesionales de la industria durante tres d\u00edas de acceso enfocado a un entorno profesional din\u00e1mico, que ofrece destacadas oportunidades para la mejor educaci\u00f3n profesional, los mejores contactos profesionales y el mejor negocio.<\/p>\n","protected":false},"excerpt":{"rendered":"<p>EIBTM es el evento l\u00edder mundial para la industria de reuniones y eventos que tendr\u00e1 lugar en el centro de negocios y destino tur\u00edstico de Barcelona por excelencia. El evento reune a m\u00e1s de 12.400 profesionales de la industria durante tres d\u00edas de acceso enfocado a un entorno profesional din\u00e1mico, que ofrece destacadas oportunidades para [&hellip;]<\/p>\n","protected":false},"author":2,"featured_media":0,"comment_status":"open","ping_status":"closed","sticky":false,"template":"","format":"standard","meta":{"_monsterinsights_skip_tracking":false,"_monsterinsights_sitenote_active":false,"_monsterinsights_sitenote_note":"","_monsterinsights_sitenote_category":0},"categories":[1],"tags":[],"_links":{"self":[{"href":"https:\/\/arbarcelona.es\/index.php?rest_route=\/wp\/v2\/posts\/744"}],"collection":[{"href":"https:\/\/arbarcelona.es\/index.php?rest_route=\/wp\/v2\/posts"}],"about":[{"href":"https:\/\/arbarcelona.es\/index.php?rest_route=\/wp\/v2\/types\/post"}],"author":[{"embeddable":true,"href":"https:\/\/arbarcelona.es\/index.php?rest_route=\/wp\/v2\/users\/2"}],"replies":[{"embeddable":true,"href":"https:\/\/arbarcelona.es\/index.php?rest_route=%2Fwp%2Fv2%2Fcomments&post=744"}],"version-history":[{"count":13,"href":"https:\/\/arbarcelona.es\/index.php?rest_route=\/wp\/v2\/posts\/744\/revisions"}],"predecessor-version":[{"id":888,"href":"https:\/\/arbarcelona.es\/index.php?rest_route=\/wp\/v2\/posts\/744\/revisions\/888"}],"wp:attachment":[{"href":"https:\/\/arbarcelona.es\/index.php?rest_route=%2Fwp%2Fv2%2Fmedia&parent=744"}],"wp:term":[{"taxonomy":"category","embeddable":true,"href":"https:\/\/arbarcelona.es\/index.php?rest_route=%2Fwp%2Fv2%2Fcategories&post=744"},{"taxonomy":"post_tag","embeddable":true,"href":"https:\/\/arbarcelona.es\/index.php?rest_route=%2Fwp%2Fv2%2Ftags&post=744"}],"curies":[{"name":"wp","href":"https:\/\/api.w.org\/{rel}","templated":true}]}}