{"id":773,"date":"2011-12-09T11:02:37","date_gmt":"2011-12-09T09:02:37","guid":{"rendered":"http:\/\/arbarcelona.es\/?p=773"},"modified":"2011-12-09T11:09:16","modified_gmt":"2011-12-09T09:09:16","slug":"otono-temporada-de-setas","status":"publish","type":"post","link":"https:\/\/arbarcelona.es\/?p=773&amp;lang=es","title":{"rendered":"OTO\u00d1O: TEMPORADA DE SETAS"},"content":{"rendered":"<p><a href=\"http:\/\/arbarcelona.es\/wp-content\/uploads\/rovellons.jpg\"><img loading=\"lazy\" class=\"aligncenter size-full wp-image-774\" title=\"rovellons\" src=\"http:\/\/arbarcelona.es\/wp-content\/uploads\/rovellons.jpg\" alt=\"\" width=\"127\" height=\"84\" \/><\/a><br \/>\nAunque ya casi estamos finalizando el oto\u00f1o,\u00a0 justo ahora es cuando este a\u00f1o, se estan creando las condiciones m\u00e1s propicias (lluvias combinadas con temperaturas suaves) para una recolecci\u00f3n de las setas m\u00e1s prol\u00edfica y variada. Los amantes de la micolog\u00eda y, sobretodo, de su uso en multitud de recetas culinarias, por fin podr\u00e1n disfrutar de esta temporada tan esperada.<\/p>\n","protected":false},"excerpt":{"rendered":"<p>Aunque ya casi estamos finalizando el oto\u00f1o,\u00a0 justo ahora es cuando este a\u00f1o, se estan creando las condiciones m\u00e1s propicias (lluvias combinadas con temperaturas suaves) para una recolecci\u00f3n de las setas m\u00e1s prol\u00edfica y variada. Los amantes de la micolog\u00eda y, sobretodo, de su uso en multitud de recetas culinarias, por fin podr\u00e1n disfrutar de [&hellip;]<\/p>\n","protected":false},"author":2,"featured_media":0,"comment_status":"open","ping_status":"closed","sticky":false,"template":"","format":"standard","meta":{"_monsterinsights_skip_tracking":false,"_monsterinsights_sitenote_active":false,"_monsterinsights_sitenote_note":"","_monsterinsights_sitenote_category":0},"categories":[1],"tags":[],"_links":{"self":[{"href":"https:\/\/arbarcelona.es\/index.php?rest_route=\/wp\/v2\/posts\/773"}],"collection":[{"href":"https:\/\/arbarcelona.es\/index.php?rest_route=\/wp\/v2\/posts"}],"about":[{"href":"https:\/\/arbarcelona.es\/index.php?rest_route=\/wp\/v2\/types\/post"}],"author":[{"embeddable":true,"href":"https:\/\/arbarcelona.es\/index.php?rest_route=\/wp\/v2\/users\/2"}],"replies":[{"embeddable":true,"href":"https:\/\/arbarcelona.es\/index.php?rest_route=%2Fwp%2Fv2%2Fcomments&post=773"}],"version-history":[{"count":13,"href":"https:\/\/arbarcelona.es\/index.php?rest_route=\/wp\/v2\/posts\/773\/revisions"}],"predecessor-version":[{"id":942,"href":"https:\/\/arbarcelona.es\/index.php?rest_route=\/wp\/v2\/posts\/773\/revisions\/942"}],"wp:attachment":[{"href":"https:\/\/arbarcelona.es\/index.php?rest_route=%2Fwp%2Fv2%2Fmedia&parent=773"}],"wp:term":[{"taxonomy":"category","embeddable":true,"href":"https:\/\/arbarcelona.es\/index.php?rest_route=%2Fwp%2Fv2%2Fcategories&post=773"},{"taxonomy":"post_tag","embeddable":true,"href":"https:\/\/arbarcelona.es\/index.php?rest_route=%2Fwp%2Fv2%2Ftags&post=773"}],"curies":[{"name":"wp","href":"https:\/\/api.w.org\/{rel}","templated":true}]}}