{"id":812,"date":"2011-11-30T12:00:11","date_gmt":"2011-11-30T10:00:11","guid":{"rendered":"http:\/\/arbarcelona.es\/?p=812"},"modified":"2011-11-30T13:35:59","modified_gmt":"2011-11-30T11:35:59","slug":"nueva-edicion-de-barcelona-degusta-del-2-al-4-de-diciembre-en-el-recinto-de-montjuic","status":"publish","type":"post","link":"https:\/\/arbarcelona.es\/?p=812&amp;lang=es","title":{"rendered":"Nueva edici\u00f3n de BARCELONA DEGUSTA del 2 al 4 de Diciembre en el recinto de Montju\u00efc"},"content":{"rendered":"<p><a href=\"http:\/\/arbarcelona.es\/wp-content\/uploads\/Barcelona-Degusta.jpg\"><img loading=\"lazy\" class=\"aligncenter size-full wp-image-813\" title=\"Barcelona-Degusta\" src=\"http:\/\/arbarcelona.es\/wp-content\/uploads\/Barcelona-Degusta.jpg\" alt=\"\" width=\"250\" height=\"167\" \/><\/a><br \/>\nEste popular sal\u00f3n, muy valorado por el p\u00fablico amante de la alimentaci\u00f3n y la gastronom\u00eda, y ahora gestionado por Fira de Barcelona, cambia sus fechas habituales de celebraci\u00f3n en marzo para situarse justamente antes de Navidad, un periodo muy importante para el sector y de modo espec\u00edfico para las ventas de productos <em>gourmet<\/em> y <em>delicatessen. <\/em>En Barcelona Degusta encontrar\u00e1s peque\u00f1os productores de especialidades alimentarias y grandes marcas. Desde las mejores denominaciones de origen a lo \u00faltimo en menaje de cocina. Adem\u00e1s podr\u00e1s conocer las \u00faltimas tendencias en gastronom\u00eda, innovar tu recetario y asistir a catas de vinos y demostraciones.<\/p>\n","protected":false},"excerpt":{"rendered":"<p>Este popular sal\u00f3n, muy valorado por el p\u00fablico amante de la alimentaci\u00f3n y la gastronom\u00eda, y ahora gestionado por Fira de Barcelona, cambia sus fechas habituales de celebraci\u00f3n en marzo para situarse justamente antes de Navidad, un periodo muy importante para el sector y de modo espec\u00edfico para las ventas de productos gourmet y delicatessen. [&hellip;]<\/p>\n","protected":false},"author":2,"featured_media":0,"comment_status":"open","ping_status":"closed","sticky":false,"template":"","format":"standard","meta":{"_monsterinsights_skip_tracking":false,"_monsterinsights_sitenote_active":false,"_monsterinsights_sitenote_note":"","_monsterinsights_sitenote_category":0},"categories":[1],"tags":[],"_links":{"self":[{"href":"https:\/\/arbarcelona.es\/index.php?rest_route=\/wp\/v2\/posts\/812"}],"collection":[{"href":"https:\/\/arbarcelona.es\/index.php?rest_route=\/wp\/v2\/posts"}],"about":[{"href":"https:\/\/arbarcelona.es\/index.php?rest_route=\/wp\/v2\/types\/post"}],"author":[{"embeddable":true,"href":"https:\/\/arbarcelona.es\/index.php?rest_route=\/wp\/v2\/users\/2"}],"replies":[{"embeddable":true,"href":"https:\/\/arbarcelona.es\/index.php?rest_route=%2Fwp%2Fv2%2Fcomments&post=812"}],"version-history":[{"count":17,"href":"https:\/\/arbarcelona.es\/index.php?rest_route=\/wp\/v2\/posts\/812\/revisions"}],"predecessor-version":[{"id":912,"href":"https:\/\/arbarcelona.es\/index.php?rest_route=\/wp\/v2\/posts\/812\/revisions\/912"}],"wp:attachment":[{"href":"https:\/\/arbarcelona.es\/index.php?rest_route=%2Fwp%2Fv2%2Fmedia&parent=812"}],"wp:term":[{"taxonomy":"category","embeddable":true,"href":"https:\/\/arbarcelona.es\/index.php?rest_route=%2Fwp%2Fv2%2Fcategories&post=812"},{"taxonomy":"post_tag","embeddable":true,"href":"https:\/\/arbarcelona.es\/index.php?rest_route=%2Fwp%2Fv2%2Ftags&post=812"}],"curies":[{"name":"wp","href":"https:\/\/api.w.org\/{rel}","templated":true}]}}