{"id":815,"date":"2011-12-01T11:10:58","date_gmt":"2011-12-01T09:10:58","guid":{"rendered":"http:\/\/arbarcelona.es\/?p=815"},"modified":"2011-12-01T12:00:19","modified_gmt":"2011-12-01T10:00:19","slug":"world-press-photo-2011-exposicion-de-las-fotos-ganadoras-en-el-cccb-hasta-el-18-de-diciembre","status":"publish","type":"post","link":"https:\/\/arbarcelona.es\/?p=815&amp;lang=es","title":{"rendered":"WORLD PRESS PHOTO 2011: Exposici\u00f3n de las fotos ganadoras en el CCCB hasta el 18 de Diciembre"},"content":{"rendered":"<p><a href=\"http:\/\/arbarcelona.es\/wp-content\/uploads\/17Daniele_Tamagnijpg_1.jpg\"><img loading=\"lazy\" class=\"aligncenter size-full wp-image-818\" title=\"17Daniele_Tamagnijpg_1\" src=\"http:\/\/arbarcelona.es\/wp-content\/uploads\/17Daniele_Tamagnijpg_1.jpg\" alt=\"\" width=\"350\" height=\"235\" srcset=\"https:\/\/arbarcelona.es\/wp-content\/uploads\/17Daniele_Tamagnijpg_1.jpg 350w, https:\/\/arbarcelona.es\/wp-content\/uploads\/17Daniele_Tamagnijpg_1-300x201.jpg 300w\" sizes=\"(max-width: 350px) 100vw, 350px\" \/><\/a><br \/>\nEl <em>Centre de Cultura Contempor\u00e0nia de Barcelona\u00a0<\/em>acoge\u00a0hasta el pr\u00f3ximo 18 de Diciembre, una muestra itinerante de las 170 fotografias ganadoras del prestigioso premio internacional de fotoperiodismo, el <em>World Press Photo<\/em>,\u00a0considerada la m\u00e1s importante en dicho \u00e1mbito, por la calidad de sus fotograf\u00edas, as\u00ed como por el debate y la cr\u00edtica que generan cada uno de los trabajos presentados.\u00a0\u00c9sta es una cita con los acontecimientos sociales, pol\u00edticos, culturales y deportivos del a\u00f1o. Los contenidos de la muestra World Press Photo son un term\u00f3metro de contexto social mundial y necesarios para matizar nuestra conciencia p\u00fablica y memoria hist\u00f3rica.<\/p>\n","protected":false},"excerpt":{"rendered":"<p>El Centre de Cultura Contempor\u00e0nia de Barcelona\u00a0acoge\u00a0hasta el pr\u00f3ximo 18 de Diciembre, una muestra itinerante de las 170 fotografias ganadoras del prestigioso premio internacional de fotoperiodismo, el World Press Photo,\u00a0considerada la m\u00e1s importante en dicho \u00e1mbito, por la calidad de sus fotograf\u00edas, as\u00ed como por el debate y la cr\u00edtica que generan cada uno de [&hellip;]<\/p>\n","protected":false},"author":2,"featured_media":0,"comment_status":"open","ping_status":"closed","sticky":false,"template":"","format":"standard","meta":{"_monsterinsights_skip_tracking":false,"_monsterinsights_sitenote_active":false,"_monsterinsights_sitenote_note":"","_monsterinsights_sitenote_category":0},"categories":[1],"tags":[],"_links":{"self":[{"href":"https:\/\/arbarcelona.es\/index.php?rest_route=\/wp\/v2\/posts\/815"}],"collection":[{"href":"https:\/\/arbarcelona.es\/index.php?rest_route=\/wp\/v2\/posts"}],"about":[{"href":"https:\/\/arbarcelona.es\/index.php?rest_route=\/wp\/v2\/types\/post"}],"author":[{"embeddable":true,"href":"https:\/\/arbarcelona.es\/index.php?rest_route=\/wp\/v2\/users\/2"}],"replies":[{"embeddable":true,"href":"https:\/\/arbarcelona.es\/index.php?rest_route=%2Fwp%2Fv2%2Fcomments&post=815"}],"version-history":[{"count":12,"href":"https:\/\/arbarcelona.es\/index.php?rest_route=\/wp\/v2\/posts\/815\/revisions"}],"predecessor-version":[{"id":921,"href":"https:\/\/arbarcelona.es\/index.php?rest_route=\/wp\/v2\/posts\/815\/revisions\/921"}],"wp:attachment":[{"href":"https:\/\/arbarcelona.es\/index.php?rest_route=%2Fwp%2Fv2%2Fmedia&parent=815"}],"wp:term":[{"taxonomy":"category","embeddable":true,"href":"https:\/\/arbarcelona.es\/index.php?rest_route=%2Fwp%2Fv2%2Fcategories&post=815"},{"taxonomy":"post_tag","embeddable":true,"href":"https:\/\/arbarcelona.es\/index.php?rest_route=%2Fwp%2Fv2%2Ftags&post=815"}],"curies":[{"name":"wp","href":"https:\/\/api.w.org\/{rel}","templated":true}]}}