{"id":932,"date":"2011-12-07T12:39:07","date_gmt":"2011-12-07T10:39:07","guid":{"rendered":"http:\/\/arbarcelona.es\/?p=932"},"modified":"2011-12-07T12:39:07","modified_gmt":"2011-12-07T10:39:07","slug":"feria-de-santa-llucia-un-mercado-con-225-anos-de-historia","status":"publish","type":"post","link":"https:\/\/arbarcelona.es\/?p=932&amp;lang=es","title":{"rendered":"Feria de SANTA LL\u00daCIA: un mercado con 225 a\u00f1os de historia."},"content":{"rendered":"<p><a href=\"http:\/\/arbarcelona.es\/wp-content\/uploads\/cartell_2011_thumb.jpg\"><img loading=\"lazy\" class=\"aligncenter size-full wp-image-933\" title=\"cartell_2011_thumb\" src=\"http:\/\/arbarcelona.es\/wp-content\/uploads\/cartell_2011_thumb.jpg\" alt=\"\" width=\"106\" height=\"158\" \/><\/a>\u00a0Este a\u00f1o (del 26 de Noviembre al 22 de Diciembre)\u00a0se celebra el 225 aniversario de la <em>Fira de Santa Ll\u00facia\u00a0<\/em>(1786-2011) , la feria m\u00e1s antigua sobre el mundo del bel\u00e9n y las tradiciones navide\u00f1as. La &#8220;Fira&#8221; real, la de toda la vida, la encontrar\u00e9is como todos los a\u00f1os, en la Avenida de la Catedral de Barcelona, con todas las paradas de siempre (m\u00e1s de 270) cargada de novedades\u00a0y donde encontrar\u00e9is un espacio para olvidar todas las preocupaciones, aunque sea s\u00f3lo durante un rato, y disfrutar del ambiente y la magia de la Navidad.<\/p>\n","protected":false},"excerpt":{"rendered":"<p>\u00a0Este a\u00f1o (del 26 de Noviembre al 22 de Diciembre)\u00a0se celebra el 225 aniversario de la Fira de Santa Ll\u00facia\u00a0(1786-2011) , la feria m\u00e1s antigua sobre el mundo del bel\u00e9n y las tradiciones navide\u00f1as. La &#8220;Fira&#8221; real, la de toda la vida, la encontrar\u00e9is como todos los a\u00f1os, en la Avenida de la Catedral de [&hellip;]<\/p>\n","protected":false},"author":2,"featured_media":0,"comment_status":"open","ping_status":"closed","sticky":false,"template":"","format":"standard","meta":{"_monsterinsights_skip_tracking":false,"_monsterinsights_sitenote_active":false,"_monsterinsights_sitenote_note":"","_monsterinsights_sitenote_category":0},"categories":[1],"tags":[],"_links":{"self":[{"href":"https:\/\/arbarcelona.es\/index.php?rest_route=\/wp\/v2\/posts\/932"}],"collection":[{"href":"https:\/\/arbarcelona.es\/index.php?rest_route=\/wp\/v2\/posts"}],"about":[{"href":"https:\/\/arbarcelona.es\/index.php?rest_route=\/wp\/v2\/types\/post"}],"author":[{"embeddable":true,"href":"https:\/\/arbarcelona.es\/index.php?rest_route=\/wp\/v2\/users\/2"}],"replies":[{"embeddable":true,"href":"https:\/\/arbarcelona.es\/index.php?rest_route=%2Fwp%2Fv2%2Fcomments&post=932"}],"version-history":[{"count":3,"href":"https:\/\/arbarcelona.es\/index.php?rest_route=\/wp\/v2\/posts\/932\/revisions"}],"predecessor-version":[{"id":936,"href":"https:\/\/arbarcelona.es\/index.php?rest_route=\/wp\/v2\/posts\/932\/revisions\/936"}],"wp:attachment":[{"href":"https:\/\/arbarcelona.es\/index.php?rest_route=%2Fwp%2Fv2%2Fmedia&parent=932"}],"wp:term":[{"taxonomy":"category","embeddable":true,"href":"https:\/\/arbarcelona.es\/index.php?rest_route=%2Fwp%2Fv2%2Fcategories&post=932"},{"taxonomy":"post_tag","embeddable":true,"href":"https:\/\/arbarcelona.es\/index.php?rest_route=%2Fwp%2Fv2%2Ftags&post=932"}],"curies":[{"name":"wp","href":"https:\/\/api.w.org\/{rel}","templated":true}]}}